{"id":2547,"date":"2025-11-29T21:06:14","date_gmt":"2025-11-30T00:06:14","guid":{"rendered":"https:\/\/paracambi.rj.gov.br\/cms\/?p=2547"},"modified":"2025-11-29T21:06:15","modified_gmt":"2025-11-30T00:06:15","slug":"carreta-da-saude","status":"publish","type":"post","link":"https:\/\/paracambi.rj.gov.br\/cms\/carreta-da-saude\/","title":{"rendered":"CARRETA DA SA\u00daDE"},"content":{"rendered":"\n<p>No dia 28 de novembro aconteceu a inaugura\u00e7\u00e3o da Carreta Agora Tem Especialistas, do Minist\u00e9rio da Sa\u00fade. Neste dia muito especial para a popula\u00e7\u00e3o de Paracambi e para os profissionais de sa\u00fade presentes, o Conselho Municipal de Sa\u00fade de Paracambi marcou presen\u00e7a, representado pelo Secret\u00e1rio Executivo e pelo Conselheiro de Sa\u00fade Manoel Lu\u00eds dos Passos. Durante toda a manh\u00e3, diversas a\u00e7\u00f5es e atividades de sa\u00fade foram realizadas.<\/p>\n<p>A carreta ficar\u00e1 30 dias na Pra\u00e7a do Miro, no bairro de Lajes, e ser\u00e3o 60 atendimentos por dia. Basta procurar a regula\u00e7\u00e3o para ser encaminhado!<\/p>\n<p>Al\u00e9m de receber o nosso povo Paracambiense, tamb\u00e9m atenderemos outros 11 munic\u00edpios no tom\u00f3grafo.<\/p>\n<p>\u00c9 Paracambi se tornando refer\u00eancia em sa\u00fade na regi\u00e3o.<\/p>\n<p>Tamb\u00e9m registramos a presen\u00e7a da Presidente do Conselho, Sra. Michelle Ribeiro, que, devido \u00e0 sua agenda, n\u00e3o p\u00f4de participar da cerim\u00f4nia oficial, mas esteve no evento. A inaugura\u00e7\u00e3o contou com autoridades locais e com a presen\u00e7a da Superintendente Estadual do Minist\u00e9rio de Sa\u00fade no Rio de Janeiro &#8211; SEMS\/RJ, Dra. Maria Aparecida Diodo Braga e do Diretor do Departamento de Estrat\u00e9gias para Expans\u00e3o e Qualifica\u00e7\u00e3o da Aten\u00e7\u00e3o Especializada Dr. Rodrigo Torres Alves de Oliveira.<\/p>\n<p>Parab\u00e9ns a todos os envolvidos por essa importante iniciativa! Destaque especial para a Secret\u00e1ria Municipal de Sa\u00fade, Dra. Monique Pimentel, pelo empenho cont\u00ednuo em garantir uma sa\u00fade de qualidade para toda a popula\u00e7\u00e3o de Paracambi.<img data-recalc-dims=\"1\" loading=\"lazy\" decoding=\"async\" data-attachment-id=\"2548\" data-permalink=\"https:\/\/paracambi.rj.gov.br\/cms\/carreta-da-saude\/e921c530-35db-4544-a1a3-2d7b5cce35e2\/\" data-orig-file=\"https:\/\/i0.wp.com\/paracambi.rj.gov.br\/cms\/wp-content\/uploads\/2025\/11\/e921c530-35db-4544-a1a3-2d7b5cce35e2.png?fit=1600%2C1200&amp;ssl=1\" data-orig-size=\"1600,1200\" data-comments-opened=\"1\" data-image-meta=\"{&quot;aperture&quot;:&quot;0&quot;,&quot;credit&quot;:&quot;&quot;,&quot;camera&quot;:&quot;&quot;,&quot;caption&quot;:&quot;&quot;,&quot;created_timestamp&quot;:&quot;0&quot;,&quot;copyright&quot;:&quot;&quot;,&quot;focal_length&quot;:&quot;0&quot;,&quot;iso&quot;:&quot;0&quot;,&quot;shutter_speed&quot;:&quot;0&quot;,&quot;title&quot;:&quot;&quot;,&quot;orientation&quot;:&quot;0&quot;}\" data-image-title=\"e921c530-35db-4544-a1a3-2d7b5cce35e2\" data-image-description=\"\" data-image-caption=\"\" data-large-file=\"https:\/\/i0.wp.com\/paracambi.rj.gov.br\/cms\/wp-content\/uploads\/2025\/11\/e921c530-35db-4544-a1a3-2d7b5cce35e2.png?fit=800%2C600&amp;ssl=1\" class=\"aligncenter size-medium wp-image-2548\" src=\"https:\/\/i0.wp.com\/paracambi.rj.gov.br\/cms\/wp-content\/uploads\/2025\/11\/e921c530-35db-4544-a1a3-2d7b5cce35e2.png?resize=300%2C225&#038;ssl=1\" alt=\"\" width=\"300\" height=\"225\" srcset=\"https:\/\/i0.wp.com\/paracambi.rj.gov.br\/cms\/wp-content\/uploads\/2025\/11\/e921c530-35db-4544-a1a3-2d7b5cce35e2.png?resize=300%2C225&amp;ssl=1 300w, https:\/\/i0.wp.com\/paracambi.rj.gov.br\/cms\/wp-content\/uploads\/2025\/11\/e921c530-35db-4544-a1a3-2d7b5cce35e2.png?resize=1024%2C768&amp;ssl=1 1024w, https:\/\/i0.wp.com\/paracambi.rj.gov.br\/cms\/wp-content\/uploads\/2025\/11\/e921c530-35db-4544-a1a3-2d7b5cce35e2.png?resize=768%2C576&amp;ssl=1 768w, https:\/\/i0.wp.com\/paracambi.rj.gov.br\/cms\/wp-content\/uploads\/2025\/11\/e921c530-35db-4544-a1a3-2d7b5cce35e2.png?resize=1536%2C1152&amp;ssl=1 1536w, https:\/\/i0.wp.com\/paracambi.rj.gov.br\/cms\/wp-content\/uploads\/2025\/11\/e921c530-35db-4544-a1a3-2d7b5cce35e2.png?w=1600&amp;ssl=1 1600w\" sizes=\"auto, (max-width: 300px) 100vw, 300px\" \/> <img data-recalc-dims=\"1\" loading=\"lazy\" decoding=\"async\" data-attachment-id=\"2549\" data-permalink=\"https:\/\/paracambi.rj.gov.br\/cms\/carreta-da-saude\/edilsonclaudia\/\" data-orig-file=\"https:\/\/i0.wp.com\/paracambi.rj.gov.br\/cms\/wp-content\/uploads\/2025\/11\/EDILSONCLAUDIA.png?fit=1600%2C1200&amp;ssl=1\" data-orig-size=\"1600,1200\" data-comments-opened=\"1\" data-image-meta=\"{&quot;aperture&quot;:&quot;0&quot;,&quot;credit&quot;:&quot;&quot;,&quot;camera&quot;:&quot;&quot;,&quot;caption&quot;:&quot;&quot;,&quot;created_timestamp&quot;:&quot;0&quot;,&quot;copyright&quot;:&quot;&quot;,&quot;focal_length&quot;:&quot;0&quot;,&quot;iso&quot;:&quot;0&quot;,&quot;shutter_speed&quot;:&quot;0&quot;,&quot;title&quot;:&quot;&quot;,&quot;orientation&quot;:&quot;0&quot;}\" data-image-title=\"EDILSON&amp;#038;CL\u00c1UDIA\" data-image-description=\"\" data-image-caption=\"\" data-large-file=\"https:\/\/i0.wp.com\/paracambi.rj.gov.br\/cms\/wp-content\/uploads\/2025\/11\/EDILSONCLAUDIA.png?fit=800%2C600&amp;ssl=1\" class=\"aligncenter size-medium wp-image-2549\" src=\"https:\/\/i0.wp.com\/paracambi.rj.gov.br\/cms\/wp-content\/uploads\/2025\/11\/EDILSONCLAUDIA.png?resize=300%2C225&#038;ssl=1\" alt=\"\" width=\"300\" height=\"225\" srcset=\"https:\/\/i0.wp.com\/paracambi.rj.gov.br\/cms\/wp-content\/uploads\/2025\/11\/EDILSONCLAUDIA.png?resize=300%2C225&amp;ssl=1 300w, https:\/\/i0.wp.com\/paracambi.rj.gov.br\/cms\/wp-content\/uploads\/2025\/11\/EDILSONCLAUDIA.png?resize=1024%2C768&amp;ssl=1 1024w, https:\/\/i0.wp.com\/paracambi.rj.gov.br\/cms\/wp-content\/uploads\/2025\/11\/EDILSONCLAUDIA.png?resize=768%2C576&amp;ssl=1 768w, https:\/\/i0.wp.com\/paracambi.rj.gov.br\/cms\/wp-content\/uploads\/2025\/11\/EDILSONCLAUDIA.png?resize=1536%2C1152&amp;ssl=1 1536w, https:\/\/i0.wp.com\/paracambi.rj.gov.br\/cms\/wp-content\/uploads\/2025\/11\/EDILSONCLAUDIA.png?w=1600&amp;ssl=1 1600w\" sizes=\"auto, (max-width: 300px) 100vw, 300px\" \/> <img data-recalc-dims=\"1\" loading=\"lazy\" decoding=\"async\" data-attachment-id=\"2550\" data-permalink=\"https:\/\/paracambi.rj.gov.br\/cms\/carreta-da-saude\/edilsonmanoel\/\" data-orig-file=\"https:\/\/i0.wp.com\/paracambi.rj.gov.br\/cms\/wp-content\/uploads\/2025\/11\/EDILSONMANOEL.png?fit=1600%2C1200&amp;ssl=1\" data-orig-size=\"1600,1200\" data-comments-opened=\"1\" data-image-meta=\"{&quot;aperture&quot;:&quot;0&quot;,&quot;credit&quot;:&quot;&quot;,&quot;camera&quot;:&quot;&quot;,&quot;caption&quot;:&quot;&quot;,&quot;created_timestamp&quot;:&quot;0&quot;,&quot;copyright&quot;:&quot;&quot;,&quot;focal_length&quot;:&quot;0&quot;,&quot;iso&quot;:&quot;0&quot;,&quot;shutter_speed&quot;:&quot;0&quot;,&quot;title&quot;:&quot;&quot;,&quot;orientation&quot;:&quot;0&quot;}\" data-image-title=\"EDILSON&amp;#038;MANOEL\" data-image-description=\"\" data-image-caption=\"\" data-large-file=\"https:\/\/i0.wp.com\/paracambi.rj.gov.br\/cms\/wp-content\/uploads\/2025\/11\/EDILSONMANOEL.png?fit=800%2C600&amp;ssl=1\" class=\"aligncenter size-medium wp-image-2550\" src=\"https:\/\/i0.wp.com\/paracambi.rj.gov.br\/cms\/wp-content\/uploads\/2025\/11\/EDILSONMANOEL.png?resize=300%2C225&#038;ssl=1\" alt=\"\" width=\"300\" height=\"225\" srcset=\"https:\/\/i0.wp.com\/paracambi.rj.gov.br\/cms\/wp-content\/uploads\/2025\/11\/EDILSONMANOEL.png?resize=300%2C225&amp;ssl=1 300w, https:\/\/i0.wp.com\/paracambi.rj.gov.br\/cms\/wp-content\/uploads\/2025\/11\/EDILSONMANOEL.png?resize=1024%2C768&amp;ssl=1 1024w, https:\/\/i0.wp.com\/paracambi.rj.gov.br\/cms\/wp-content\/uploads\/2025\/11\/EDILSONMANOEL.png?resize=768%2C576&amp;ssl=1 768w, https:\/\/i0.wp.com\/paracambi.rj.gov.br\/cms\/wp-content\/uploads\/2025\/11\/EDILSONMANOEL.png?resize=1536%2C1152&amp;ssl=1 1536w, https:\/\/i0.wp.com\/paracambi.rj.gov.br\/cms\/wp-content\/uploads\/2025\/11\/EDILSONMANOEL.png?w=1600&amp;ssl=1 1600w\" sizes=\"auto, (max-width: 300px) 100vw, 300px\" \/> <img data-recalc-dims=\"1\" loading=\"lazy\" decoding=\"async\" data-attachment-id=\"2551\" data-permalink=\"https:\/\/paracambi.rj.gov.br\/cms\/carreta-da-saude\/edilsonmichelle\/\" data-orig-file=\"https:\/\/i0.wp.com\/paracambi.rj.gov.br\/cms\/wp-content\/uploads\/2025\/11\/EDILSONmICHELLE.png?fit=1600%2C1200&amp;ssl=1\" data-orig-size=\"1600,1200\" data-comments-opened=\"1\" data-image-meta=\"{&quot;aperture&quot;:&quot;0&quot;,&quot;credit&quot;:&quot;&quot;,&quot;camera&quot;:&quot;&quot;,&quot;caption&quot;:&quot;&quot;,&quot;created_timestamp&quot;:&quot;0&quot;,&quot;copyright&quot;:&quot;&quot;,&quot;focal_length&quot;:&quot;0&quot;,&quot;iso&quot;:&quot;0&quot;,&quot;shutter_speed&quot;:&quot;0&quot;,&quot;title&quot;:&quot;&quot;,&quot;orientation&quot;:&quot;0&quot;}\" data-image-title=\"EDILSON&amp;#038;mICHELLE\" data-image-description=\"\" data-image-caption=\"\" data-large-file=\"https:\/\/i0.wp.com\/paracambi.rj.gov.br\/cms\/wp-content\/uploads\/2025\/11\/EDILSONmICHELLE.png?fit=800%2C600&amp;ssl=1\" class=\"aligncenter size-medium wp-image-2551\" src=\"https:\/\/i0.wp.com\/paracambi.rj.gov.br\/cms\/wp-content\/uploads\/2025\/11\/EDILSONmICHELLE.png?resize=300%2C225&#038;ssl=1\" alt=\"\" width=\"300\" height=\"225\" srcset=\"https:\/\/i0.wp.com\/paracambi.rj.gov.br\/cms\/wp-content\/uploads\/2025\/11\/EDILSONmICHELLE.png?resize=300%2C225&amp;ssl=1 300w, https:\/\/i0.wp.com\/paracambi.rj.gov.br\/cms\/wp-content\/uploads\/2025\/11\/EDILSONmICHELLE.png?resize=1024%2C768&amp;ssl=1 1024w, https:\/\/i0.wp.com\/paracambi.rj.gov.br\/cms\/wp-content\/uploads\/2025\/11\/EDILSONmICHELLE.png?resize=768%2C576&amp;ssl=1 768w, https:\/\/i0.wp.com\/paracambi.rj.gov.br\/cms\/wp-content\/uploads\/2025\/11\/EDILSONmICHELLE.png?resize=1536%2C1152&amp;ssl=1 1536w, https:\/\/i0.wp.com\/paracambi.rj.gov.br\/cms\/wp-content\/uploads\/2025\/11\/EDILSONmICHELLE.png?w=1600&amp;ssl=1 1600w\" sizes=\"auto, (max-width: 300px) 100vw, 300px\" \/> <img data-recalc-dims=\"1\" loading=\"lazy\" decoding=\"async\" data-attachment-id=\"2552\" data-permalink=\"https:\/\/paracambi.rj.gov.br\/cms\/carreta-da-saude\/edilson\/\" data-orig-file=\"https:\/\/i0.wp.com\/paracambi.rj.gov.br\/cms\/wp-content\/uploads\/2025\/11\/EDILSON.png?fit=1600%2C1200&amp;ssl=1\" data-orig-size=\"1600,1200\" data-comments-opened=\"1\" data-image-meta=\"{&quot;aperture&quot;:&quot;0&quot;,&quot;credit&quot;:&quot;&quot;,&quot;camera&quot;:&quot;&quot;,&quot;caption&quot;:&quot;&quot;,&quot;created_timestamp&quot;:&quot;0&quot;,&quot;copyright&quot;:&quot;&quot;,&quot;focal_length&quot;:&quot;0&quot;,&quot;iso&quot;:&quot;0&quot;,&quot;shutter_speed&quot;:&quot;0&quot;,&quot;title&quot;:&quot;&quot;,&quot;orientation&quot;:&quot;0&quot;}\" data-image-title=\"EDILSON\" data-image-description=\"\" data-image-caption=\"\" data-large-file=\"https:\/\/i0.wp.com\/paracambi.rj.gov.br\/cms\/wp-content\/uploads\/2025\/11\/EDILSON.png?fit=800%2C600&amp;ssl=1\" class=\"aligncenter size-medium wp-image-2552\" src=\"https:\/\/i0.wp.com\/paracambi.rj.gov.br\/cms\/wp-content\/uploads\/2025\/11\/EDILSON.png?resize=300%2C225&#038;ssl=1\" alt=\"\" width=\"300\" height=\"225\" srcset=\"https:\/\/i0.wp.com\/paracambi.rj.gov.br\/cms\/wp-content\/uploads\/2025\/11\/EDILSON.png?resize=300%2C225&amp;ssl=1 300w, https:\/\/i0.wp.com\/paracambi.rj.gov.br\/cms\/wp-content\/uploads\/2025\/11\/EDILSON.png?resize=1024%2C768&amp;ssl=1 1024w, https:\/\/i0.wp.com\/paracambi.rj.gov.br\/cms\/wp-content\/uploads\/2025\/11\/EDILSON.png?resize=768%2C576&amp;ssl=1 768w, https:\/\/i0.wp.com\/paracambi.rj.gov.br\/cms\/wp-content\/uploads\/2025\/11\/EDILSON.png?resize=1536%2C1152&amp;ssl=1 1536w, https:\/\/i0.wp.com\/paracambi.rj.gov.br\/cms\/wp-content\/uploads\/2025\/11\/EDILSON.png?w=1600&amp;ssl=1 1600w\" sizes=\"auto, (max-width: 300px) 100vw, 300px\" \/> <img data-recalc-dims=\"1\" loading=\"lazy\" decoding=\"async\" data-attachment-id=\"2553\" data-permalink=\"https:\/\/paracambi.rj.gov.br\/cms\/carreta-da-saude\/sem-titulo-5\/\" data-orig-file=\"https:\/\/i0.wp.com\/paracambi.rj.gov.br\/cms\/wp-content\/uploads\/2025\/11\/Sem-titulo.png?fit=723%2C559&amp;ssl=1\" data-orig-size=\"723,559\" data-comments-opened=\"1\" data-image-meta=\"{&quot;aperture&quot;:&quot;0&quot;,&quot;credit&quot;:&quot;&quot;,&quot;camera&quot;:&quot;&quot;,&quot;caption&quot;:&quot;&quot;,&quot;created_timestamp&quot;:&quot;0&quot;,&quot;copyright&quot;:&quot;&quot;,&quot;focal_length&quot;:&quot;0&quot;,&quot;iso&quot;:&quot;0&quot;,&quot;shutter_speed&quot;:&quot;0&quot;,&quot;title&quot;:&quot;&quot;,&quot;orientation&quot;:&quot;0&quot;}\" data-image-title=\"Sem t\u00edtulo.\" data-image-description=\"\" data-image-caption=\"\" data-large-file=\"https:\/\/i0.wp.com\/paracambi.rj.gov.br\/cms\/wp-content\/uploads\/2025\/11\/Sem-titulo.png?fit=723%2C559&amp;ssl=1\" class=\"aligncenter size-medium wp-image-2553\" src=\"https:\/\/i0.wp.com\/paracambi.rj.gov.br\/cms\/wp-content\/uploads\/2025\/11\/Sem-titulo.png?resize=300%2C232&#038;ssl=1\" alt=\"\" width=\"300\" height=\"232\" srcset=\"https:\/\/i0.wp.com\/paracambi.rj.gov.br\/cms\/wp-content\/uploads\/2025\/11\/Sem-titulo.png?resize=300%2C232&amp;ssl=1 300w, https:\/\/i0.wp.com\/paracambi.rj.gov.br\/cms\/wp-content\/uploads\/2025\/11\/Sem-titulo.png?w=723&amp;ssl=1 723w\" sizes=\"auto, (max-width: 300px) 100vw, 300px\" \/><\/p>\n","protected":false},"excerpt":{"rendered":"<p>No dia 28 de novembro aconteceu a inaugura\u00e7\u00e3o da Carreta Agora Tem Especialistas, do Minist\u00e9rio da Sa\u00fade. Neste dia muito<\/p>\n","protected":false},"author":1,"featured_media":0,"comment_status":"open","ping_status":"open","sticky":false,"template":"","format":"standard","meta":{"colormag_page_container_layout":"default_layout","colormag_page_sidebar_layout":"default_layout","_jetpack_newsletter_access":"","_jetpack_dont_email_post_to_subs":false,"_jetpack_newsletter_tier_id":0,"_jetpack_memberships_contains_paywalled_content":false,"_jetpack_memberships_contains_paid_content":false,"footnotes":""},"categories":[20],"tags":[],"class_list":["post-2547","post","type-post","status-publish","format-standard","hentry","category-noticias"],"jetpack_featured_media_url":"","jetpack_sharing_enabled":true,"jetpack_shortlink":"https:\/\/wp.me\/papbWU-F5","jetpack-related-posts":[],"_links":{"self":[{"href":"https:\/\/paracambi.rj.gov.br\/cms\/wp-json\/wp\/v2\/posts\/2547","targetHints":{"allow":["GET"]}}],"collection":[{"href":"https:\/\/paracambi.rj.gov.br\/cms\/wp-json\/wp\/v2\/posts"}],"about":[{"href":"https:\/\/paracambi.rj.gov.br\/cms\/wp-json\/wp\/v2\/types\/post"}],"author":[{"embeddable":true,"href":"https:\/\/paracambi.rj.gov.br\/cms\/wp-json\/wp\/v2\/users\/1"}],"replies":[{"embeddable":true,"href":"https:\/\/paracambi.rj.gov.br\/cms\/wp-json\/wp\/v2\/comments?post=2547"}],"version-history":[{"count":1,"href":"https:\/\/paracambi.rj.gov.br\/cms\/wp-json\/wp\/v2\/posts\/2547\/revisions"}],"predecessor-version":[{"id":2554,"href":"https:\/\/paracambi.rj.gov.br\/cms\/wp-json\/wp\/v2\/posts\/2547\/revisions\/2554"}],"wp:attachment":[{"href":"https:\/\/paracambi.rj.gov.br\/cms\/wp-json\/wp\/v2\/media?parent=2547"}],"wp:term":[{"taxonomy":"category","embeddable":true,"href":"https:\/\/paracambi.rj.gov.br\/cms\/wp-json\/wp\/v2\/categories?post=2547"},{"taxonomy":"post_tag","embeddable":true,"href":"https:\/\/paracambi.rj.gov.br\/cms\/wp-json\/wp\/v2\/tags?post=2547"}],"curies":[{"name":"wp","href":"https:\/\/api.w.org\/{rel}","templated":true}]}}